{"id":109,"date":"1878-09-01T12:00:42","date_gmt":"1878-09-01T11:00:42","guid":{"rendered":"http:\/\/lorens.kodal.info\/?p=109"},"modified":"2022-07-01T00:17:36","modified_gmt":"2022-06-30T22:17:36","slug":"elev-pa-amtsskolen-pa-amundrod","status":"publish","type":"post","link":"https:\/\/tidslinje.kodal.info\/?p=109","title":{"rendered":"Elev p\u00e5 amtsskolen p\u00e5 Amundr\u00f8d"},"content":{"rendered":"\n<p class=\"wp-block-paragraph\">Lorens Berg var elev p\u00e5 den ambulerende amtsskolen p\u00e5 Amundr\u00f8d i Tj\u00f8lling fra 1878 til 1879.<\/p>\n\n\n\n<p class=\"wp-block-paragraph\">Amtsskole var en skole for ungdom som ble drevet av amtskommunene. Skolene ble opprettet etter vedtak i Stortinget i 1875, og var et tilbud om videreg\u00e5ende skolegang for bondeungdom, etter avsluttet folkeskole. Skolene var i utgangspunktet ambulerende og flyttet fra bygd til bygd, og skoletiden var 1 \u2013 2 \u00e5r. Amtsskolene ble finansiert av staten og amtskommunene i samarbeid.<\/p>\n\n\n\n<p class=\"wp-block-paragraph\">I 1875 vedtok Jarlsberg og Laurviks amtsformannskap \u00e5 etablere en ambulerende amtsskole. &nbsp;\u00c5ret etterp\u00e5 vedtok de \u00e5 etablere nok en amtsskole. Det var denne som i \u00e5rene 1878 \u2013 1880 holdt til p\u00e5 Amundr\u00f8d i Tj\u00f8lling.<\/p>\n\n\n\n<p class=\"wp-block-paragraph\">Lorens Berg var elev der sammen med 34 andre gutter og 27 jenter.<\/p>\n\n\n\n<figure class=\"wp-block-image size-large\"><img loading=\"lazy\" decoding=\"async\" width=\"821\" height=\"1024\" src=\"http:\/\/lorens.kodal.info\/wp-content\/uploads\/2020\/06\/5000_0438-821x1024.jpg\" alt=\"\" class=\"wp-image-112\" srcset=\"https:\/\/tidslinje.kodal.info\/wp-content\/uploads\/2020\/06\/5000_0438-821x1024.jpg 821w, https:\/\/tidslinje.kodal.info\/wp-content\/uploads\/2020\/06\/5000_0438-241x300.jpg 241w, https:\/\/tidslinje.kodal.info\/wp-content\/uploads\/2020\/06\/5000_0438-768x958.jpg 768w, https:\/\/tidslinje.kodal.info\/wp-content\/uploads\/2020\/06\/5000_0438-1232x1536.jpg 1232w, https:\/\/tidslinje.kodal.info\/wp-content\/uploads\/2020\/06\/5000_0438-1642x2048.jpg 1642w, https:\/\/tidslinje.kodal.info\/wp-content\/uploads\/2020\/06\/5000_0438.jpg 1887w\" sizes=\"auto, (max-width: 821px) 100vw, 821px\" \/><figcaption><em>Marius Elias Larsen. L\u00e6rer p\u00e5 Amundr\u00f8d amtsskole da Lorens Berg var elev der. Senere sogneprest i Brandval, Hedmark. F\u00f8dt i Fosnes, Nord-Tr\u00f8ndelag i 1852.<\/em><\/figcaption><\/figure>\n\n\n\n<p class=\"wp-block-paragraph\">Hovedl\u00e6rer var cand. theol. Marius Elias Larsen. Han var f\u00f8dt 1852 i Fosnes, Nord-Tr\u00f8ndelag. Han ble senere (1895 \u2013 1907) sogneprest i Brandval, Hedmark. I Brandval bygdebok st\u00e5r det f\u00f8lgende: \u00abHan var litt av en gransker, dyktig i matematikk og sterkt interessert i hagebruk.\u00bb<\/p>\n\n\n\n<p class=\"wp-block-paragraph\">Lorens Berg sa senere at det var p\u00e5 amtsskolen han fikk de f\u00f8rste impulser til de lokalhistoriske arbeider han kom til \u00e5 utf\u00f8re. Sannsynligvis var det hovedl\u00e6rer Larsen som p\u00e5virket Lorens i denne retningen. &nbsp;<\/p>\n","protected":false},"excerpt":{"rendered":"<p>Lorens Berg var elev p\u00e5 den ambulerende amtsskolen p\u00e5 Amundr\u00f8d i Tj\u00f8lling fra 1878 til 1879. Amtsskole var en skole for ungdom som ble drevet&hellip;<\/p>\n","protected":false},"author":1,"featured_media":111,"comment_status":"open","ping_status":"open","sticky":false,"template":"","format":"standard","meta":{"footnotes":""},"categories":[6,10],"tags":[],"class_list":["post-109","post","type-post","status-publish","format-standard","has-post-thumbnail","hentry","category-livshendelser","category-lorens-berg"],"_links":{"self":[{"href":"https:\/\/tidslinje.kodal.info\/index.php?rest_route=\/wp\/v2\/posts\/109","targetHints":{"allow":["GET"]}}],"collection":[{"href":"https:\/\/tidslinje.kodal.info\/index.php?rest_route=\/wp\/v2\/posts"}],"about":[{"href":"https:\/\/tidslinje.kodal.info\/index.php?rest_route=\/wp\/v2\/types\/post"}],"author":[{"embeddable":true,"href":"https:\/\/tidslinje.kodal.info\/index.php?rest_route=\/wp\/v2\/users\/1"}],"replies":[{"embeddable":true,"href":"https:\/\/tidslinje.kodal.info\/index.php?rest_route=%2Fwp%2Fv2%2Fcomments&post=109"}],"version-history":[{"count":1,"href":"https:\/\/tidslinje.kodal.info\/index.php?rest_route=\/wp\/v2\/posts\/109\/revisions"}],"predecessor-version":[{"id":251,"href":"https:\/\/tidslinje.kodal.info\/index.php?rest_route=\/wp\/v2\/posts\/109\/revisions\/251"}],"wp:featuredmedia":[{"embeddable":true,"href":"https:\/\/tidslinje.kodal.info\/index.php?rest_route=\/wp\/v2\/media\/111"}],"wp:attachment":[{"href":"https:\/\/tidslinje.kodal.info\/index.php?rest_route=%2Fwp%2Fv2%2Fmedia&parent=109"}],"wp:term":[{"taxonomy":"category","embeddable":true,"href":"https:\/\/tidslinje.kodal.info\/index.php?rest_route=%2Fwp%2Fv2%2Fcategories&post=109"},{"taxonomy":"post_tag","embeddable":true,"href":"https:\/\/tidslinje.kodal.info\/index.php?rest_route=%2Fwp%2Fv2%2Ftags&post=109"}],"curies":[{"name":"wp","href":"https:\/\/api.w.org\/{rel}","templated":true}]}}