{"id":173,"date":"1881-10-15T12:00:00","date_gmt":"1881-10-15T11:17:00","guid":{"rendered":"https:\/\/lorens.kodal.info\/?p=173"},"modified":"2022-07-01T00:09:01","modified_gmt":"2022-06-30T22:09:01","slug":"laerervikar-i-somdal","status":"publish","type":"post","link":"https:\/\/tidslinje.kodal.info\/?p=173","title":{"rendered":"L\u00e6rervikar i \u00c5dalen p\u00e5 Ringerike"},"content":{"rendered":"\n<p class=\"wp-block-paragraph\">Da Lorens Berg hadde tatt eksamen i Asker ble han tilsatt som l\u00e6rervikar i \u00c5dalen p\u00e5 Ringerike. Der arbeidet han i vel to m\u00e5neder. Han fikk f\u00f8lgende attest fra sognepresten:<\/p>\n\n\n\n<p class=\"wp-block-paragraph\">&laquo;Hr. seminarist Lorens Berg har i en tid af 9 uger og 4 dage vikarieret som l\u00e6rer for Gr\u00f8nvold og Somdalens kredse i \u00c5dalen. Jeg har i denne tid havt anledning til at overv\u00e6re undervisningen i religion, norsk og regning i Somdalens skole og ligeledes skoleeksamen p\u00e5 Gr\u00f8nvold. Det er mig da en gl\u00e6de at kunne give hr. Berg mit bedste vidnesbyrd som l\u00e6rer; der er ro, klarhed og kraft over hans undervisning, som ganske vist med Guds hj\u00e6lp vil b\u00e6re rige frugter for den skole, han i fremtiden kommer til at lede. Da han har modtaget en hjelpel\u00e6rerpost i Tj\u00f8m\u00f8 prestegj\u00e6ld, tager jeg herved afsked med ham med \u00f8nske om, at Herren vil ledsage ham med sin velsignelse.<br><em>Somdalen, 21. dec. 1881<\/em><br><em>C. B. Christoffersen<\/em><br><em>prest til \u00c5dalen<\/em>&laquo;<\/p>\n","protected":false},"excerpt":{"rendered":"<p>Da Lorens Berg hadde tatt eksamen i Asker ble han tilsatt som l\u00e6rervikar i \u00c5dalen p\u00e5 Ringerike. Der arbeidet han i vel to m\u00e5neder. Han&hellip;<\/p>\n","protected":false},"author":1,"featured_media":177,"comment_status":"open","ping_status":"open","sticky":false,"template":"","format":"standard","meta":{"footnotes":""},"categories":[6,10],"tags":[],"class_list":["post-173","post","type-post","status-publish","format-standard","has-post-thumbnail","hentry","category-livshendelser","category-lorens-berg"],"_links":{"self":[{"href":"https:\/\/tidslinje.kodal.info\/index.php?rest_route=\/wp\/v2\/posts\/173","targetHints":{"allow":["GET"]}}],"collection":[{"href":"https:\/\/tidslinje.kodal.info\/index.php?rest_route=\/wp\/v2\/posts"}],"about":[{"href":"https:\/\/tidslinje.kodal.info\/index.php?rest_route=\/wp\/v2\/types\/post"}],"author":[{"embeddable":true,"href":"https:\/\/tidslinje.kodal.info\/index.php?rest_route=\/wp\/v2\/users\/1"}],"replies":[{"embeddable":true,"href":"https:\/\/tidslinje.kodal.info\/index.php?rest_route=%2Fwp%2Fv2%2Fcomments&post=173"}],"version-history":[{"count":1,"href":"https:\/\/tidslinje.kodal.info\/index.php?rest_route=\/wp\/v2\/posts\/173\/revisions"}],"predecessor-version":[{"id":227,"href":"https:\/\/tidslinje.kodal.info\/index.php?rest_route=\/wp\/v2\/posts\/173\/revisions\/227"}],"wp:featuredmedia":[{"embeddable":true,"href":"https:\/\/tidslinje.kodal.info\/index.php?rest_route=\/wp\/v2\/media\/177"}],"wp:attachment":[{"href":"https:\/\/tidslinje.kodal.info\/index.php?rest_route=%2Fwp%2Fv2%2Fmedia&parent=173"}],"wp:term":[{"taxonomy":"category","embeddable":true,"href":"https:\/\/tidslinje.kodal.info\/index.php?rest_route=%2Fwp%2Fv2%2Fcategories&post=173"},{"taxonomy":"post_tag","embeddable":true,"href":"https:\/\/tidslinje.kodal.info\/index.php?rest_route=%2Fwp%2Fv2%2Ftags&post=173"}],"curies":[{"name":"wp","href":"https:\/\/api.w.org\/{rel}","templated":true}]}}