{"id":187,"date":"1916-12-22T12:00:00","date_gmt":"1916-12-22T11:00:00","guid":{"rendered":"https:\/\/lorens.kodal.info\/?p=187"},"modified":"2022-07-01T00:13:44","modified_gmt":"2022-06-30T22:13:44","slug":"rosende-omtale-i-sandefjords-blad","status":"publish","type":"post","link":"https:\/\/tidslinje.kodal.info\/?p=187","title":{"rendered":"Rosende omtale i Sandefjords Blad"},"content":{"rendered":"\n<p class=\"wp-block-paragraph\">Lorens Berg var venstremann. Sandefjords Blad var konservativ avis. Det var som regel venstreavisen &laquo;Vestfold&raquo; (&laquo;Sandefjords Dagblad&raquo;) som skrev positivt om Lorens Berg. Men i sitt julenummer i 1916 hadde konservative Sandefjords Blad en sv\u00e6rt positiv artikkel om Lorens Berg:<\/p>\n\n\n\n<p class=\"wp-block-paragraph\"><em>&laquo;Det er igrunden overfl\u00f8dig at fort\u00e6lle vore l\u00e6sere noget videre om hvem herr Lorens Berg er og hvad han har utrettet. Han er blandt de forholdsvis faa, som alle kjender.<br>Berg er f\u00f8dt paa Berge i Kodal i 1862. Allerede som skolegut gjorde han sig bemerket ved at digte en vise, som ungdommen i vide kredse sang i sine sammenkomster og under sine spaserture paa landeveien. Den melankolske, l\u00f8dige gnist som ulmet i de velformede vers, t\u00e6ndte de unges sind og bragte alvorstanker ind i mangt et letsindig lag.<br>I 1881 tok han l\u00e6rereksamen ved Asker seminar og arbeidet som l\u00e6rer til 1913. Han var f\u00f8rst ansat p\u00e5 Tj\u00f8m\u00f8, senere i Kodal og i de sisdte aar i Kristiania.<br>De som hadde anledning til at overv\u00e6re en undervisningstime i herr Bergs klasser vil nok erindre, at de blev revet med av den intelligente og originale l\u00e6rers behandling av det opstillede &laquo;emne&raquo;. Der var en merkelig blanding av humor, grundige kundskaper og dypt alvor i hans undervisning.<br>Men et andet for vort land meget vigtig virkefelt ventet paa Lorens Bergs arbeidskraft. Allerede straks efter sin ans\u00e6ttlelse ved Kristiania folkeskole begyndte han at fordype sig i de st\u00f8vete pakker i riksarkivet og drog frem for den store almenhet de bortgjemte skatter, som der fantes. T\u00f8rre embedsm\u00e6ssige meddelelser om vore bygders og byers \u00f8konomiske og kulturelle liv i de sidste aarhundreder. Vi har hat mange videnskapsm\u00e6nd, som har l\u00e6st og merket seg disse &laquo;minestrilab\u00f8ker&raquo;, men Lorens Berg er den f\u00f8rste som har forstaat at tr\u00e6kke frem det historisk farafteristiske ved disse st\u00f8vbelagte beretninger og som har skapt en form for deres utnyttelse i literaturen, som har aapnet dem adgang til de tusen hjem.<br>Lorens Berg vil for alle tider staa som banebryteren paa dette omraade.<br>F\u00f8rst i 1913 gik det op for vore statsmyndigheter, at herr Berg hadde en usedvanlig kraft som bygdehistoriker. Og Stortinget bevilget ham et statsstipendium paa 3500 kroner pr. aar. Men han kunde allerede da se tilbake paa flere store, fundamentale arbeider. Hans f\u00f8rste verk &laquo;Andebu&raquo; utkom i 1905. Og saa f\u00f8lger slag i slag: &laquo;Brunlan\u00e6s&raquo; (1911), &laquo;Hedrum&raquo; (1913) og &laquo;Tj\u00f8lling&raquo; (1915).<br>For nogen dage siden hadde vi det held at t\u00f8rne sammen med den popul\u00e6re bygdehistoriker paa &laquo;Karl Johan&raquo;.<br>Efter nogen korte indledningsbemerkninger bar det avsted til herr Bergs hjemmekoselige kontor. Og hvad tror dere, vi fandt der? &#8211; Sandeherred, bare Sandeherred. I hylderne, paa skrivebordet, i flichehylden og i kontordamens skrivemaskine. Bare Sandeherrede. &#8211; Meterlange slegstregistre, interessante tr\u00e6f fra Sandeheringernes liv i gamle dage &#8211; ja alt mulig. Lorens Berg holdt sin vogtende haand over alt saammen &#8211; indtil de mindste bagateller, og naar &laquo;Sandeherred&raquo; en vakker dag pranger i vore boghandlervinduer, saa kan man vere sikker paa, at det omfangsrike verk rummer ting, som alle i distriktet har interesse av at l\u00e6se.<br>Vi avslutter disse knappe biografiske bemerkninger med \u00f8nsket om, at herr Berg maa forundes mange leveaar og fr\u00e6ster til at forts\u00e6tte det lavnsganvnlige arbeide, han under saa lyse auspicier har begyndt.&raquo;<\/em><\/p>\n","protected":false},"excerpt":{"rendered":"<p>Lorens Berg var venstremann. Sandefjords Blad var konservativ avis. Det var som regel venstreavisen &laquo;Vestfold&raquo; (&laquo;Sandefjords Dagblad&raquo;) som skrev positivt om Lorens Berg. Men i&hellip;<\/p>\n","protected":false},"author":1,"featured_media":191,"comment_status":"open","ping_status":"open","sticky":false,"template":"","format":"standard","meta":{"footnotes":""},"categories":[2,10],"tags":[],"class_list":["post-187","post","type-post","status-publish","format-standard","has-post-thumbnail","hentry","category-artikler","category-lorens-berg"],"_links":{"self":[{"href":"https:\/\/tidslinje.kodal.info\/index.php?rest_route=\/wp\/v2\/posts\/187","targetHints":{"allow":["GET"]}}],"collection":[{"href":"https:\/\/tidslinje.kodal.info\/index.php?rest_route=\/wp\/v2\/posts"}],"about":[{"href":"https:\/\/tidslinje.kodal.info\/index.php?rest_route=\/wp\/v2\/types\/post"}],"author":[{"embeddable":true,"href":"https:\/\/tidslinje.kodal.info\/index.php?rest_route=\/wp\/v2\/users\/1"}],"replies":[{"embeddable":true,"href":"https:\/\/tidslinje.kodal.info\/index.php?rest_route=%2Fwp%2Fv2%2Fcomments&post=187"}],"version-history":[{"count":1,"href":"https:\/\/tidslinje.kodal.info\/index.php?rest_route=\/wp\/v2\/posts\/187\/revisions"}],"predecessor-version":[{"id":225,"href":"https:\/\/tidslinje.kodal.info\/index.php?rest_route=\/wp\/v2\/posts\/187\/revisions\/225"}],"wp:featuredmedia":[{"embeddable":true,"href":"https:\/\/tidslinje.kodal.info\/index.php?rest_route=\/wp\/v2\/media\/191"}],"wp:attachment":[{"href":"https:\/\/tidslinje.kodal.info\/index.php?rest_route=%2Fwp%2Fv2%2Fmedia&parent=187"}],"wp:term":[{"taxonomy":"category","embeddable":true,"href":"https:\/\/tidslinje.kodal.info\/index.php?rest_route=%2Fwp%2Fv2%2Fcategories&post=187"},{"taxonomy":"post_tag","embeddable":true,"href":"https:\/\/tidslinje.kodal.info\/index.php?rest_route=%2Fwp%2Fv2%2Ftags&post=187"}],"curies":[{"name":"wp","href":"https:\/\/api.w.org\/{rel}","templated":true}]}}