{"id":23,"date":"1905-10-01T12:00:40","date_gmt":"1905-10-01T11:00:40","guid":{"rendered":"http:\/\/lorens.kodal.info\/?p=23"},"modified":"2022-07-01T00:15:08","modified_gmt":"2022-06-30T22:15:08","slug":"andebu-en-vestfoldbygds-historie-i-1600-arene","status":"publish","type":"post","link":"https:\/\/tidslinje.kodal.info\/?p=23","title":{"rendered":"Andebu &#8211; en vestfoldbygds historie i 1600-\u00e5rene"},"content":{"rendered":"\n<p class=\"wp-block-paragraph\"><a href=\"http:\/\/www.kodal.info\/index.php\/Lorens_Berg\">Lorens Bergs<\/a>&nbsp;f\u00f8rste bygdebok. Utgitt&nbsp;<a href=\"http:\/\/www.kodal.info\/index.php\/1905\">1905<\/a>.<\/p>\n\n\n\n<p class=\"wp-block-paragraph\">Boka ble i&nbsp;<a href=\"http:\/\/www.kodal.info\/index.php\/1995\">1995<\/a>&nbsp;utgitt p\u00e5 nytt av&nbsp;<a href=\"http:\/\/www.kodal.info\/index.php\/Andebu_Fortidslag\">Andebu Fortidslag<\/a>.<\/p>\n\n\n\n<p class=\"wp-block-paragraph\">Les &laquo;<a href=\"https:\/\/www.nb.no\/items\/URN:NBN:no-nb_digibok_2012100907007\">Andebu &#8211; en vestfoldbygds historie i 1600-\u00e5rene<\/a>&laquo;<\/p>\n","protected":false},"excerpt":{"rendered":"<p>Lorens Bergs&nbsp;f\u00f8rste bygdebok. Utgitt&nbsp;1905. Boka ble i&nbsp;1995&nbsp;utgitt p\u00e5 nytt av&nbsp;Andebu Fortidslag. Les &laquo;Andebu &#8211; en vestfoldbygds historie i 1600-\u00e5rene&laquo;<\/p>\n","protected":false},"author":1,"featured_media":25,"comment_status":"open","ping_status":"open","sticky":false,"template":"","format":"standard","meta":{"footnotes":""},"categories":[3,10],"tags":[],"class_list":["post-23","post","type-post","status-publish","format-standard","has-post-thumbnail","hentry","category-boker","category-lorens-berg"],"_links":{"self":[{"href":"https:\/\/tidslinje.kodal.info\/index.php?rest_route=\/wp\/v2\/posts\/23","targetHints":{"allow":["GET"]}}],"collection":[{"href":"https:\/\/tidslinje.kodal.info\/index.php?rest_route=\/wp\/v2\/posts"}],"about":[{"href":"https:\/\/tidslinje.kodal.info\/index.php?rest_route=\/wp\/v2\/types\/post"}],"author":[{"embeddable":true,"href":"https:\/\/tidslinje.kodal.info\/index.php?rest_route=\/wp\/v2\/users\/1"}],"replies":[{"embeddable":true,"href":"https:\/\/tidslinje.kodal.info\/index.php?rest_route=%2Fwp%2Fv2%2Fcomments&post=23"}],"version-history":[{"count":1,"href":"https:\/\/tidslinje.kodal.info\/index.php?rest_route=\/wp\/v2\/posts\/23\/revisions"}],"predecessor-version":[{"id":243,"href":"https:\/\/tidslinje.kodal.info\/index.php?rest_route=\/wp\/v2\/posts\/23\/revisions\/243"}],"wp:featuredmedia":[{"embeddable":true,"href":"https:\/\/tidslinje.kodal.info\/index.php?rest_route=\/wp\/v2\/media\/25"}],"wp:attachment":[{"href":"https:\/\/tidslinje.kodal.info\/index.php?rest_route=%2Fwp%2Fv2%2Fmedia&parent=23"}],"wp:term":[{"taxonomy":"category","embeddable":true,"href":"https:\/\/tidslinje.kodal.info\/index.php?rest_route=%2Fwp%2Fv2%2Fcategories&post=23"},{"taxonomy":"post_tag","embeddable":true,"href":"https:\/\/tidslinje.kodal.info\/index.php?rest_route=%2Fwp%2Fv2%2Ftags&post=23"}],"curies":[{"name":"wp","href":"https:\/\/api.w.org\/{rel}","templated":true}]}}