{"id":27,"date":"1894-10-01T12:00:52","date_gmt":"1894-10-01T11:00:52","guid":{"rendered":"http:\/\/lorens.kodal.info\/?p=27"},"modified":"2022-07-01T00:15:50","modified_gmt":"2022-06-30T22:15:50","slug":"den-vesle-grammatik","status":"publish","type":"post","link":"https:\/\/tidslinje.kodal.info\/?p=27","title":{"rendered":"Den vesle grammatik"},"content":{"rendered":"\n<p class=\"wp-block-paragraph\"><strong>&laquo;Den vesle grammatik&raquo;<\/strong>&nbsp;var ei bok&nbsp;<a href=\"http:\/\/www.kodal.info\/index.php\/Lorens_Berg\">Lorens Berg<\/a>&nbsp;utga i&nbsp;<a href=\"http:\/\/www.kodal.info\/index.php\/1894\">1894<\/a>.<\/p>\n\n\n\n<p class=\"wp-block-paragraph\">Boka var ment som ei l\u00e6rebok om grammatikk og spr\u00e5k til bruk i folkeskolen.<\/p>\n\n\n\n<p class=\"wp-block-paragraph\">I et forord til l\u00e6rerne skriver Lorens Berg f\u00f8lgende:<\/p>\n\n\n\n<p class=\"wp-block-paragraph\">&laquo;Den gamle metode: at ta ordslagene temmelig grundig f\u00f8rst og siden gaa over til s\u00e6tningsl\u00e6ren \u2013 den er ikke p\u00e6dagogisk forsvarlig. Barna b\u00f8r l\u00e6re at kjende ordslagene fra hverandre ved at se dem i arbejde i s\u00e6tningen.&raquo;<\/p>\n\n\n\n<p class=\"wp-block-paragraph\">Les &laquo;<a href=\"https:\/\/www.nb.no\/items\/URN:NBN:no-nb_digibok_2012061308051\">Den vesle grammatik<\/a>&laquo;<\/p>\n\n\n<div class=\"wp-block-image\">\n<figure class=\"aligncenter size-large is-resized\"><img loading=\"lazy\" decoding=\"async\" src=\"http:\/\/lorens.kodal.info\/wp-content\/uploads\/2020\/03\/18941122_sandefjords_blad_grammatik_annonse-605x1024.jpg\" alt=\"\" class=\"wp-image-45\" width=\"303\" height=\"512\" srcset=\"https:\/\/tidslinje.kodal.info\/wp-content\/uploads\/2020\/03\/18941122_sandefjords_blad_grammatik_annonse-605x1024.jpg 605w, https:\/\/tidslinje.kodal.info\/wp-content\/uploads\/2020\/03\/18941122_sandefjords_blad_grammatik_annonse-177x300.jpg 177w, https:\/\/tidslinje.kodal.info\/wp-content\/uploads\/2020\/03\/18941122_sandefjords_blad_grammatik_annonse-768x1300.jpg 768w, https:\/\/tidslinje.kodal.info\/wp-content\/uploads\/2020\/03\/18941122_sandefjords_blad_grammatik_annonse.jpg 800w\" sizes=\"auto, (max-width: 303px) 100vw, 303px\" \/><figcaption>Annonse i Sandefjords Blad 22. november 1894.<\/figcaption><\/figure>\n<\/div>","protected":false},"excerpt":{"rendered":"<p>&laquo;Den vesle grammatik&raquo;&nbsp;var ei bok&nbsp;Lorens Berg&nbsp;utga i&nbsp;1894. Boka var ment som ei l\u00e6rebok om grammatikk og spr\u00e5k til bruk i folkeskolen. I et forord til&hellip;<\/p>\n","protected":false},"author":1,"featured_media":29,"comment_status":"open","ping_status":"open","sticky":false,"template":"","format":"standard","meta":{"footnotes":""},"categories":[3,10],"tags":[],"class_list":["post-27","post","type-post","status-publish","format-standard","has-post-thumbnail","hentry","category-boker","category-lorens-berg"],"_links":{"self":[{"href":"https:\/\/tidslinje.kodal.info\/index.php?rest_route=\/wp\/v2\/posts\/27","targetHints":{"allow":["GET"]}}],"collection":[{"href":"https:\/\/tidslinje.kodal.info\/index.php?rest_route=\/wp\/v2\/posts"}],"about":[{"href":"https:\/\/tidslinje.kodal.info\/index.php?rest_route=\/wp\/v2\/types\/post"}],"author":[{"embeddable":true,"href":"https:\/\/tidslinje.kodal.info\/index.php?rest_route=\/wp\/v2\/users\/1"}],"replies":[{"embeddable":true,"href":"https:\/\/tidslinje.kodal.info\/index.php?rest_route=%2Fwp%2Fv2%2Fcomments&post=27"}],"version-history":[{"count":1,"href":"https:\/\/tidslinje.kodal.info\/index.php?rest_route=\/wp\/v2\/posts\/27\/revisions"}],"predecessor-version":[{"id":246,"href":"https:\/\/tidslinje.kodal.info\/index.php?rest_route=\/wp\/v2\/posts\/27\/revisions\/246"}],"wp:featuredmedia":[{"embeddable":true,"href":"https:\/\/tidslinje.kodal.info\/index.php?rest_route=\/wp\/v2\/media\/29"}],"wp:attachment":[{"href":"https:\/\/tidslinje.kodal.info\/index.php?rest_route=%2Fwp%2Fv2%2Fmedia&parent=27"}],"wp:term":[{"taxonomy":"category","embeddable":true,"href":"https:\/\/tidslinje.kodal.info\/index.php?rest_route=%2Fwp%2Fv2%2Fcategories&post=27"},{"taxonomy":"post_tag","embeddable":true,"href":"https:\/\/tidslinje.kodal.info\/index.php?rest_route=%2Fwp%2Fv2%2Ftags&post=27"}],"curies":[{"name":"wp","href":"https:\/\/api.w.org\/{rel}","templated":true}]}}