{"id":59,"date":"1891-06-13T12:00:00","date_gmt":"1891-06-13T11:00:00","guid":{"rendered":"http:\/\/lorens.kodal.info\/?p=59"},"modified":"2022-07-01T00:16:28","modified_gmt":"2022-06-30T22:16:28","slug":"lorens-berg-blir-ansatt-som-laerer-i-kodal","status":"publish","type":"post","link":"https:\/\/tidslinje.kodal.info\/?p=59","title":{"rendered":"Ansatt som l\u00e6rer i Kodal"},"content":{"rendered":"\n<p class=\"wp-block-paragraph\">Lorens Berg blir 13. juni 1891 ansatt som l\u00e6rer i Has\u00e5s og Svartsr\u00f8d skolekretser i Kodal. Han er etter 12 \u00e5r endelig tilbake i hjembygda. De neste ni \u00e5rene setter han dype spor i bygda.<\/p>\n\n\n\n<p class=\"wp-block-paragraph\"><em>Andebu Skolestyre kundgj\u00f8r herved, at det under 17de April d. A. har antage og herved beskikker Lorens Berg der er dimmiteret fra Asker Seminarium, til Kredsskolel\u00e6rer i Andebu Skolekommune og til som saadan at bestride lovbefalet og frivillig undervisning i Hasaas og Svartsr\u00f8d Kredse i Kodals Anneks med de denne Betjening tilliggende Rettigheder og Forpligtelser og i Henhold til de for Folkeskolen paa Landet nu eller herefter gj\u00e6ldende Bestemmelser.<\/em><\/p>\n\n\n\n<p class=\"wp-block-paragraph\"><em>I medf\u00f8r heraf har han med Flid, Nidkj\u00e6rhed og Samvittighedsfullhed at opfylde de ham som Folkeskolel\u00e6rer paahvilende Pligter og i L\u00e6re og Levnet, saavel under ud\u00f8velsen af sit Kald som ellers, forholde sig saaledes, som det s\u00f8mmer sig en kristelig L\u00e6rer, der er sig sit Ansvar for Gud beviste.<br>Maatte Guds naadige Velsignelse og Kj\u00e6rlighed faa f\u00f8lge ham i hans Virksomhed.<br><strong>Andebu Prestegaard den 13de Juni 1891.<\/strong><\/em><\/p>\n","protected":false},"excerpt":{"rendered":"<p>Lorens Berg blir 13. juni 1891 ansatt som l\u00e6rer i Has\u00e5s og Svartsr\u00f8d skolekretser i Kodal. Han er etter 12 \u00e5r endelig tilbake i hjembygda.&hellip;<\/p>\n","protected":false},"author":1,"featured_media":60,"comment_status":"open","ping_status":"open","sticky":false,"template":"","format":"standard","meta":{"footnotes":""},"categories":[6,10],"tags":[],"class_list":["post-59","post","type-post","status-publish","format-standard","has-post-thumbnail","hentry","category-livshendelser","category-lorens-berg"],"_links":{"self":[{"href":"https:\/\/tidslinje.kodal.info\/index.php?rest_route=\/wp\/v2\/posts\/59","targetHints":{"allow":["GET"]}}],"collection":[{"href":"https:\/\/tidslinje.kodal.info\/index.php?rest_route=\/wp\/v2\/posts"}],"about":[{"href":"https:\/\/tidslinje.kodal.info\/index.php?rest_route=\/wp\/v2\/types\/post"}],"author":[{"embeddable":true,"href":"https:\/\/tidslinje.kodal.info\/index.php?rest_route=\/wp\/v2\/users\/1"}],"replies":[{"embeddable":true,"href":"https:\/\/tidslinje.kodal.info\/index.php?rest_route=%2Fwp%2Fv2%2Fcomments&post=59"}],"version-history":[{"count":1,"href":"https:\/\/tidslinje.kodal.info\/index.php?rest_route=\/wp\/v2\/posts\/59\/revisions"}],"predecessor-version":[{"id":248,"href":"https:\/\/tidslinje.kodal.info\/index.php?rest_route=\/wp\/v2\/posts\/59\/revisions\/248"}],"wp:featuredmedia":[{"embeddable":true,"href":"https:\/\/tidslinje.kodal.info\/index.php?rest_route=\/wp\/v2\/media\/60"}],"wp:attachment":[{"href":"https:\/\/tidslinje.kodal.info\/index.php?rest_route=%2Fwp%2Fv2%2Fmedia&parent=59"}],"wp:term":[{"taxonomy":"category","embeddable":true,"href":"https:\/\/tidslinje.kodal.info\/index.php?rest_route=%2Fwp%2Fv2%2Fcategories&post=59"},{"taxonomy":"post_tag","embeddable":true,"href":"https:\/\/tidslinje.kodal.info\/index.php?rest_route=%2Fwp%2Fv2%2Ftags&post=59"}],"curies":[{"name":"wp","href":"https:\/\/api.w.org\/{rel}","templated":true}]}}