{"id":87,"date":"1928-10-01T12:00:48","date_gmt":"1928-10-01T11:00:48","guid":{"rendered":"http:\/\/lorens.kodal.info\/?p=87"},"modified":"2022-07-01T00:11:43","modified_gmt":"2022-06-30T22:11:43","slug":"stokke-en-bygdebok","status":"publish","type":"post","link":"https:\/\/tidslinje.kodal.info\/?p=87","title":{"rendered":"Stokke &#8211; en bygdebok"},"content":{"rendered":"\n<p class=\"wp-block-paragraph\">Lorens Bergs \u00e5ttende bygdebok. Utgitt 1928.<\/p>\n\n\n\n<p class=\"wp-block-paragraph\">Lorens Bergs bok om Stokke ble utgitt etter hans d\u00f8d.<\/p>\n\n\n\n<p class=\"wp-block-paragraph\">Det var s\u00f8nnen&nbsp;<a href=\"http:\/\/www.kodal.info\/index.php?title=%C3%98ivind_Berg&amp;action=edit&amp;redlink=1\">\u00d8ivind Berg<\/a>&nbsp;og arkivar N. Hals som fullf\u00f8rte boka etter Bergs d\u00f8d. N. Hals skriver blant annet f\u00f8lgende i bokas forord:<\/p>\n\n\n\n<p class=\"wp-block-paragraph\"><em>&laquo;Desv\u00e6rre rak ikke Lorens Berg at fuldf\u00f8re boken og da han sommeren 1924 forstod dette, anmodet han undertegnede om at bringe den til avslutning. Jeg n\u00e6ret store bet\u00e6nkeligheter mot at paata mig dette, dels fordi jeg fandt det vanskelig at fuldf\u00f8re et arbeide som Lorens Berg hadde paabegyndt og i hvilket linjene allerede var trukket op i detaljer, dels fordi jeg i a]mindelighet n\u00f8dig vil skrive om en bygd som jeg paa forhaand staar helt fremmed overfor. Men jeg fandt at maatte gi efter for Bergs indtr\u00e6ngende henstilling, ikke mindst fordi hans s\u00f8n \u00d8ivind Berg som i flere aar hadde v\u00e6ret sin fars assistent, lovet at arbeide videre sammen med mig.<\/em><\/p>\n\n\n\n<p class=\"wp-block-paragraph\"><em>Vi har fors\u00f8kt at fuldf\u00f8re Stokkeboken efter den oprindelige plan og efter de anvisninger som Lorens Berg i sin tid gav for at forfatteombyttet skulde bli mindst mulig i\u00f8ienfaldende. Men paa et punkt har vi jkke kunnet f\u00f8lge den oprindelige linje. Lorens Berg benyttet retskrivningen av 1907, men med mange og forholdsvis store avvikelser. Da det ikke har v\u00e6ret mulig at gjennemf\u00f8re denne personlig formede ortografi, har vi v\u00e6ret henvist til at holde os til retskrivningen av 1907, hvad desv\u00e6rre har ledet til adskillig inkonsekvens. En stor del av boken, var dels f\u00e6rdig trykt, dels i sats, ved Bergs d\u00f8d.&raquo;<\/em><\/p>\n\n\n\n<p class=\"wp-block-paragraph\">Boka ble i 1996 utgitt p\u00e5 nytt.<\/p>\n\n\n\n<p class=\"wp-block-paragraph\">Les &laquo;<a href=\"https:\/\/www.nb.no\/items\/URN:NBN:no-nb_digibok_2011061508092\">Stokke &#8211; en bygdebok<\/a>&laquo;<\/p>\n","protected":false},"excerpt":{"rendered":"<p>Lorens Bergs \u00e5ttende bygdebok. Utgitt 1928. Lorens Bergs bok om Stokke ble utgitt etter hans d\u00f8d. Det var s\u00f8nnen&nbsp;\u00d8ivind Berg&nbsp;og arkivar N. Hals som fullf\u00f8rte&hellip;<\/p>\n","protected":false},"author":1,"featured_media":88,"comment_status":"open","ping_status":"open","sticky":false,"template":"","format":"standard","meta":{"footnotes":""},"categories":[3,10],"tags":[],"class_list":["post-87","post","type-post","status-publish","format-standard","has-post-thumbnail","hentry","category-boker","category-lorens-berg"],"_links":{"self":[{"href":"https:\/\/tidslinje.kodal.info\/index.php?rest_route=\/wp\/v2\/posts\/87","targetHints":{"allow":["GET"]}}],"collection":[{"href":"https:\/\/tidslinje.kodal.info\/index.php?rest_route=\/wp\/v2\/posts"}],"about":[{"href":"https:\/\/tidslinje.kodal.info\/index.php?rest_route=\/wp\/v2\/types\/post"}],"author":[{"embeddable":true,"href":"https:\/\/tidslinje.kodal.info\/index.php?rest_route=\/wp\/v2\/users\/1"}],"replies":[{"embeddable":true,"href":"https:\/\/tidslinje.kodal.info\/index.php?rest_route=%2Fwp%2Fv2%2Fcomments&post=87"}],"version-history":[{"count":1,"href":"https:\/\/tidslinje.kodal.info\/index.php?rest_route=\/wp\/v2\/posts\/87\/revisions"}],"predecessor-version":[{"id":230,"href":"https:\/\/tidslinje.kodal.info\/index.php?rest_route=\/wp\/v2\/posts\/87\/revisions\/230"}],"wp:featuredmedia":[{"embeddable":true,"href":"https:\/\/tidslinje.kodal.info\/index.php?rest_route=\/wp\/v2\/media\/88"}],"wp:attachment":[{"href":"https:\/\/tidslinje.kodal.info\/index.php?rest_route=%2Fwp%2Fv2%2Fmedia&parent=87"}],"wp:term":[{"taxonomy":"category","embeddable":true,"href":"https:\/\/tidslinje.kodal.info\/index.php?rest_route=%2Fwp%2Fv2%2Fcategories&post=87"},{"taxonomy":"post_tag","embeddable":true,"href":"https:\/\/tidslinje.kodal.info\/index.php?rest_route=%2Fwp%2Fv2%2Ftags&post=87"}],"curies":[{"name":"wp","href":"https:\/\/api.w.org\/{rel}","templated":true}]}}