{"id":9,"date":"1897-01-07T12:00:00","date_gmt":"1897-01-07T11:00:00","guid":{"rendered":"http:\/\/kul.kodal.info\/?p=9"},"modified":"1897-01-07T12:00:00","modified_gmt":"1897-01-07T11:00:00","slug":"forloperne-til-ungdomslaget-kodals-venstreforening","status":"publish","type":"post","link":"https:\/\/tidslinje.kodal.info\/?p=9","title":{"rendered":"Forl\u00f8perne til ungdomslaget: Kodals venstreforening"},"content":{"rendered":"\n<figure class=\"wp-block-image size-large\"><img decoding=\"async\" src=\"http:\/\/kul.kodal.info\/wp-content\/uploads\/2020\/06\/18970107-Vestfold-KUL-Kodals-venstreforening-667x1024.jpg\" alt=\"\" class=\"wp-image-10\"\/><\/figure>\n\n\n\n<p class=\"wp-block-paragraph\">I \u00e5rene f\u00f8r Kodal ungdomslag (KUL) ble stiftet var det flere forl\u00f8pere som pekte mot en etablering av et frilynt ungdomslag. Noen av disse forl\u00f8perne var partipolitiske. &laquo;Kodals venstreforening&raquo; var en av disse.<\/p>\n\n\n\n<p class=\"wp-block-paragraph\">6. januar 1897 hadde Kodals venstreforening et \u00e5rsm\u00f8te hvor Lorens Berg ble valgt til formann.<\/p>\n\n\n\n<p class=\"wp-block-paragraph\">P\u00e5 dette \u00e5rsm\u00f8tet uttalte foreningen seg om unionen med Sverige og det &laquo;rene norske flagg&raquo;. Foreningen kom ikke med noen uttalelse om alminnelig stemmerett fordi den mente unionssp\u00f8rsm\u00e5let var viktigere. <\/p>\n","protected":false},"excerpt":{"rendered":"<p>I \u00e5rene f\u00f8r Kodal ungdomslag (KUL) ble stiftet var det flere forl\u00f8pere som pekte mot en etablering av et frilynt ungdomslag. Noen av disse forl\u00f8perne&hellip;<\/p>\n","protected":false},"author":1,"featured_media":10,"comment_status":"open","ping_status":"open","sticky":false,"template":"","format":"standard","meta":{"footnotes":""},"categories":[11],"tags":[],"class_list":["post-9","post","type-post","status-publish","format-standard","has-post-thumbnail","hentry","category-annet"],"_links":{"self":[{"href":"https:\/\/tidslinje.kodal.info\/index.php?rest_route=\/wp\/v2\/posts\/9","targetHints":{"allow":["GET"]}}],"collection":[{"href":"https:\/\/tidslinje.kodal.info\/index.php?rest_route=\/wp\/v2\/posts"}],"about":[{"href":"https:\/\/tidslinje.kodal.info\/index.php?rest_route=\/wp\/v2\/types\/post"}],"author":[{"embeddable":true,"href":"https:\/\/tidslinje.kodal.info\/index.php?rest_route=\/wp\/v2\/users\/1"}],"replies":[{"embeddable":true,"href":"https:\/\/tidslinje.kodal.info\/index.php?rest_route=%2Fwp%2Fv2%2Fcomments&post=9"}],"version-history":[{"count":0,"href":"https:\/\/tidslinje.kodal.info\/index.php?rest_route=\/wp\/v2\/posts\/9\/revisions"}],"wp:featuredmedia":[{"embeddable":true,"href":"https:\/\/tidslinje.kodal.info\/index.php?rest_route=\/wp\/v2\/posts\/10"}],"wp:attachment":[{"href":"https:\/\/tidslinje.kodal.info\/index.php?rest_route=%2Fwp%2Fv2%2Fmedia&parent=9"}],"wp:term":[{"taxonomy":"category","embeddable":true,"href":"https:\/\/tidslinje.kodal.info\/index.php?rest_route=%2Fwp%2Fv2%2Fcategories&post=9"},{"taxonomy":"post_tag","embeddable":true,"href":"https:\/\/tidslinje.kodal.info\/index.php?rest_route=%2Fwp%2Fv2%2Ftags&post=9"}],"curies":[{"name":"wp","href":"https:\/\/api.w.org\/{rel}","templated":true}]}}