{"id":90,"date":"1928-06-24T12:00:45","date_gmt":"1928-06-24T11:00:45","guid":{"rendered":"http:\/\/lorens.kodal.info\/?p=90"},"modified":"2022-07-01T00:11:58","modified_gmt":"2022-06-30T22:11:58","slug":"minnesmerke-over-lorens-berg","status":"publish","type":"post","link":"https:\/\/tidslinje.kodal.info\/?p=90","title":{"rendered":"Minnesmerke over Lorens Berg"},"content":{"rendered":"\n<p class=\"wp-block-paragraph\">Et&nbsp;<strong>minnesmerke over lokalhistorikeren&nbsp;<a href=\"http:\/\/www.kodal.info\/index.php\/Lorens_Berg\">Lorens Berg<\/a><\/strong>&nbsp;er plassert ved&nbsp;<a href=\"http:\/\/www.kodal.info\/index.php\/Kodal_kirke\">Kodal kirke<\/a>.<\/p>\n\n\n\n<p class=\"wp-block-paragraph\">Minnesmerket ble reist av&nbsp;<a href=\"http:\/\/www.kodal.info\/index.php\/Vestfold_historielag\">Vestfold historielag<\/a>&nbsp;<a href=\"http:\/\/www.kodal.info\/index.php\/24._juni\">24. juni<\/a>&nbsp;<a href=\"http:\/\/www.kodal.info\/index.php\/1928\">1928<\/a>.<\/p>\n\n\n\n<p class=\"wp-block-paragraph\"><a href=\"http:\/\/www.kodal.info\/index.php?title=Andebu_herredsstyre&amp;action=edit&amp;redlink=1\">Andebu herredsstyre<\/a>&nbsp;vedtok&nbsp;<a href=\"http:\/\/www.kodal.info\/index.php\/7._august\">7. august<\/a>&nbsp;<a href=\"http:\/\/www.kodal.info\/index.php\/1925\">1925<\/a>&nbsp;at det burde reises et minnesmerke over Lorens Berg. Herredsstyret mente &laquo;<em>interessen for saken maatte antaes at v\u00e6re tilstede over store str\u00f8k av Vestfold<\/em>&laquo;. Herredsstyret henvendte seg til Vestfold historielag om saken. P\u00e5 \u00e5rsm\u00f8tet&nbsp;<a href=\"http:\/\/www.kodal.info\/index.php\/16._august\">16. august<\/a>&nbsp;<a href=\"http:\/\/www.kodal.info\/index.php\/1925\">1925<\/a>&nbsp;vedtok historielaget f\u00f8lgende:&raquo;<em>Vestfold Historielag setter sig i spissen for reisning av et v\u00e6rdig mindesmerke paa bygdehistoriker Lorens Bergs grav ved at der utstedes en innbydelse til fylkets kommunestyrer om at tegne bidrag til et mindesmerke til en pris av ca kr. 3.500. Til bed\u00f8mmelse av den byste som b\u00f8r velges, foreslaaes nedsatt en komit\u00e9 bestaaende av<\/em>&laquo;<\/p>\n\n\n\n<ul class=\"wp-block-list\"><li><a href=\"https:\/\/no.wikipedia.org\/wiki\/Herman_Meinich\">Herman Meinich<\/a>, fylkesmann i Vestfold og formann i Vestfold historielag,<\/li><li><a href=\"https:\/\/no.wikipedia.org\/wiki\/Oscar_Albert_Johnsen\">Oscar Albert Johnsen<\/a>, professor i historie, lokalhistoriker og formann i Landslaget for by- og bygdehistorie,<\/li><li><a href=\"https:\/\/no.wikipedia.org\/wiki\/Harry_Fett\">Harry Per Fett<\/a>, riksantikvar og kunsthistoriker,<\/li><li><a href=\"https:\/\/no.wikipedia.org\/wiki\/Martin_Olsen_Nalum\">Martin Olsen Nalum<\/a>, tidligere stortingsrepresentant og statsr\u00e5d for Venstre, l\u00e6rer og g\u00e5rdbruker<\/li><li><a href=\"http:\/\/www.kodal.info\/index.php?title=Anton_Bj%C3%B8rndal&amp;action=edit&amp;redlink=1\">Anton Bj\u00f8rndal<\/a>,&nbsp;<a href=\"http:\/\/www.kodal.info\/index.php?title=Kategori:Lensmenn&amp;action=edit&amp;redlink=1\">lensmann<\/a>&nbsp;i Andebu.<\/li><\/ul>\n\n\n\n<p class=\"wp-block-paragraph\">Johnsen og Fett kunne allikevel ikke delta i komiteen. Det oppsto derfor en debatt om komiteens kunstneriske kompetanse. Det var to alternative forslag til byste. Det ene var laget av billedhugger&nbsp;<a href=\"http:\/\/www.kodal.info\/index.php?title=Jacob_N%C3%A6ss&amp;action=edit&amp;redlink=1\">Jacob N\u00e6ss<\/a>&nbsp;fra&nbsp;<a href=\"http:\/\/www.kodal.info\/index.php\/H%C3%B8yjord\">H\u00f8yjord<\/a>, det andre av billedhugger&nbsp;<a href=\"https:\/\/no.wikipedia.org\/wiki\/Carl_E._Paulsen\">Carl Edvard Paulsen<\/a>&nbsp;fra Oslo. I januar 1926 var det en heftig avisdebatt om de to forslagene. Bygdefolket gikk inn for forslaget fra N\u00e6ss, mens flere kunstnere i Vestfold st\u00f8ttet forslaget fra Paulsen.<\/p>\n\n\n\n<p class=\"wp-block-paragraph\"><a href=\"http:\/\/www.kodal.info\/index.php?title=20._juli&amp;action=edit&amp;redlink=1\">20. juli<\/a>&nbsp;<a href=\"http:\/\/www.kodal.info\/index.php?title=1927&amp;action=edit&amp;redlink=1\">1927<\/a>&nbsp;gikk komiteen inn for at Paulsens forslag skulle velges. Men forslaget fra Paulsen ble endret i forhold til hans opprinnelige forslag. Han samarbeidet med komitemedlemmene Olsen Nalum og Bj\u00f8rndal for \u00e5 foreta den endelige utforming. Etter at bysten var avduket skriver Laurits L. Bryn at bysten har en god portrettlikhet. Den er &laquo;<em>akkurat slik som vi s\u00e5 ham, vennes\u00e6l og godmodig, t\u00e6nksom og fredelig<\/em>&laquo;.<\/p>\n\n\n\n<p class=\"wp-block-paragraph\">Carl Edvard Paulsen var f\u00f8dt i Oslo i 1897. Han utf\u00f8rte senere en rekke monumenter, blant annet over Roald Amundsen i T\u00f8nsberg, Borge og Sarpsborg, og en rekke krigsminnesmerker.<\/p>\n\n\n\n<p class=\"wp-block-paragraph\">Skissen fra Jacob N\u00e6ss &#8211; utf\u00f8rt i gips &#8211; oppbevares p\u00e5 Vestfold fylkesmuseum.<\/p>\n\n\n\n<p class=\"wp-block-paragraph\">Ved avdukingen av bysten var det satt opp ekstra busser fra b\u00e5de&nbsp;<a href=\"http:\/\/www.kodal.info\/index.php\/T%C3%B8nsberg\">T\u00f8nsberg<\/a>&nbsp;og&nbsp;<a href=\"http:\/\/www.kodal.info\/index.php\/Sandefjord\">Sandefjord<\/a>. F\u00f8r avdukingen var det gudstjeneste i kirken ved&nbsp;<a href=\"http:\/\/www.kodal.info\/index.php?title=Kategorier:Prester&amp;action=edit&amp;redlink=1\">sogneprest<\/a>&nbsp;<a href=\"http:\/\/www.kodal.info\/index.php\/Gunnar_Hafstad\">Gunnar Hafstad<\/a>. Bysten var dekket av et norsk flagg, og flankert av to flaggstenger og bjerkel\u00f8v. Det var fylkesmann Meinich som holdt talen ved avdukingen. Etter avdukingen hadde&nbsp;<a href=\"http:\/\/www.kodal.info\/index.php\/Kodal_ungdomslag\">Kodal ungdomslag<\/a>&nbsp;friluftsstevne p\u00e5&nbsp;<a href=\"http:\/\/www.kodal.info\/index.php\/Holand\">Holand nedre<\/a>.<\/p>\n\n\n\n<p class=\"wp-block-paragraph\">Minnesmerket ble finansiert av bidrag fra Andebu herredstyre, Stokke, Tj\u00f8lling, Brunlanes, Sem, N\u00f8tter\u00f8y, Tj\u00f8me, Sandeherred og Hedrum sparebanker, Kodal ungdomslag og en privatinnsamling i Andebu. Totalt kom det inn 2.225 kroner.<\/p>\n","protected":false},"excerpt":{"rendered":"<p>Et&nbsp;minnesmerke over lokalhistorikeren&nbsp;Lorens Berg&nbsp;er plassert ved&nbsp;Kodal kirke. Minnesmerket ble reist av&nbsp;Vestfold historielag&nbsp;24. juni&nbsp;1928. Andebu herredsstyre&nbsp;vedtok&nbsp;7. august&nbsp;1925&nbsp;at det burde reises et minnesmerke over Lorens Berg. Herredsstyret&hellip;<\/p>\n","protected":false},"author":1,"featured_media":91,"comment_status":"open","ping_status":"open","sticky":false,"template":"","format":"standard","meta":{"footnotes":""},"categories":[4,10],"tags":[],"class_list":["post-90","post","type-post","status-publish","format-standard","has-post-thumbnail","hentry","category-etter-bergs-dod","category-lorens-berg"],"_links":{"self":[{"href":"https:\/\/tidslinje.kodal.info\/index.php?rest_route=\/wp\/v2\/posts\/90","targetHints":{"allow":["GET"]}}],"collection":[{"href":"https:\/\/tidslinje.kodal.info\/index.php?rest_route=\/wp\/v2\/posts"}],"about":[{"href":"https:\/\/tidslinje.kodal.info\/index.php?rest_route=\/wp\/v2\/types\/post"}],"author":[{"embeddable":true,"href":"https:\/\/tidslinje.kodal.info\/index.php?rest_route=\/wp\/v2\/users\/1"}],"replies":[{"embeddable":true,"href":"https:\/\/tidslinje.kodal.info\/index.php?rest_route=%2Fwp%2Fv2%2Fcomments&post=90"}],"version-history":[{"count":1,"href":"https:\/\/tidslinje.kodal.info\/index.php?rest_route=\/wp\/v2\/posts\/90\/revisions"}],"predecessor-version":[{"id":231,"href":"https:\/\/tidslinje.kodal.info\/index.php?rest_route=\/wp\/v2\/posts\/90\/revisions\/231"}],"wp:featuredmedia":[{"embeddable":true,"href":"https:\/\/tidslinje.kodal.info\/index.php?rest_route=\/wp\/v2\/media\/91"}],"wp:attachment":[{"href":"https:\/\/tidslinje.kodal.info\/index.php?rest_route=%2Fwp%2Fv2%2Fmedia&parent=90"}],"wp:term":[{"taxonomy":"category","embeddable":true,"href":"https:\/\/tidslinje.kodal.info\/index.php?rest_route=%2Fwp%2Fv2%2Fcategories&post=90"},{"taxonomy":"post_tag","embeddable":true,"href":"https:\/\/tidslinje.kodal.info\/index.php?rest_route=%2Fwp%2Fv2%2Ftags&post=90"}],"curies":[{"name":"wp","href":"https:\/\/api.w.org\/{rel}","templated":true}]}}